{"id":5648,"date":"2023-06-19T18:48:00","date_gmt":"2023-06-19T16:48:00","guid":{"rendered":"https:\/\/mbs-giessen.de\/?p=5648"},"modified":"2025-02-04T09:19:49","modified_gmt":"2025-02-04T08:19:49","slug":"ausflug-zum-hessentag-nach-pfungstadt","status":"publish","type":"post","link":"https:\/\/mbs-giessen.de\/?p=5648","title":{"rendered":"Ausflug zum Hessentag nach Pfungstadt"},"content":{"rendered":"\n<p>Am 5. Juni 2023 fuhr eine muntere Gruppe von Sch\u00fclerinnen und Sch\u00fclern der Klassen BO5 und H2 nach Pfungstadt auf den Hessentag. Begleitet wurden sie von Frau Reis, Herrn Ziegler, Herrn Jaritz und Frau Weber.<\/p>\n\n\n\n<p>Nach der kurzweiligen Fahrt mit dem Reisebus wurden die Sch\u00fclerinnen und Sch\u00fcler in einem Zelt in Empfang genommen. Dort wurden sie mit einem Mittagessen und Getr\u00e4nken versorgt und verfolgten nebenbei das Programm. Besonders spannend war das Tanzangebot der inklusiven Tanzgruppe aus Gie\u00dfen, das zum Mitmachen einlud. Die Sch\u00fclerinnen und Sch\u00fcler tanzten begeistert mit. Nach der St\u00e4rkung wurde das Gel\u00e4nde besichtigt. Die Fahrt im Riesenrad war das Highlight des Ausflugs. Abgerundet wurde der Tag dann noch mit einer Kugel Eis. M\u00fcde und zufrieden fuhr die Gruppe wieder zur\u00fcck an die Martin-Buber-Schule. <\/p>\n\n\n\n<p><strong>Vielen Dank an den Gie\u00dfener Arbeitskreis f\u00fcr Behinderte, der den Ausflug m\u00f6glich gemacht hat!<\/strong><\/p>\n\n\n\n<figure class=\"wp-block-gallery has-nested-images columns-1 is-cropped wp-block-gallery-1 is-layout-flex\">\n<figure class=\"wp-block-image size-large\"><a href=\"https:\/\/mbs-giessen.de\/wp-content\/uploads\/2023\/06\/6c0eeaac-85b4-4b0c-b068-c1ead71f58bb.jpg\"><img decoding=\"async\" loading=\"lazy\" width=\"1024\" height=\"898\" data-id=\"5646\"  src=\"https:\/\/mbs-giessen.de\/wp-content\/uploads\/2023\/06\/6c0eeaac-85b4-4b0c-b068-c1ead71f58bb-1024x898.jpg\" alt=\"\" class=\"wp-image-5646\" srcset=\"https:\/\/mbs-giessen.de\/wp-content\/uploads\/2023\/06\/6c0eeaac-85b4-4b0c-b068-c1ead71f58bb-1024x898.jpg 1024w, https:\/\/mbs-giessen.de\/wp-content\/uploads\/2023\/06\/6c0eeaac-85b4-4b0c-b068-c1ead71f58bb-300x263.jpg 300w, https:\/\/mbs-giessen.de\/wp-content\/uploads\/2023\/06\/6c0eeaac-85b4-4b0c-b068-c1ead71f58bb-768x673.jpg 768w, https:\/\/mbs-giessen.de\/wp-content\/uploads\/2023\/06\/6c0eeaac-85b4-4b0c-b068-c1ead71f58bb-1536x1347.jpg 1536w, https:\/\/mbs-giessen.de\/wp-content\/uploads\/2023\/06\/6c0eeaac-85b4-4b0c-b068-c1ead71f58bb-342x300.jpg 342w, https:\/\/mbs-giessen.de\/wp-content\/uploads\/2023\/06\/6c0eeaac-85b4-4b0c-b068-c1ead71f58bb.jpg 1600w\" sizes=\"(max-width: 1024px) 100vw, 1024px\" \/><\/a><\/figure>\n\n\n\n<figure class=\"wp-block-image size-large\"><a href=\"https:\/\/mbs-giessen.de\/wp-content\/uploads\/2023\/06\/78b67e67-5071-4ebc-bfe0-9f2ea903f1c0.jpg\"><img decoding=\"async\" loading=\"lazy\" width=\"1024\" height=\"768\" data-id=\"5647\"  src=\"https:\/\/mbs-giessen.de\/wp-content\/uploads\/2023\/06\/78b67e67-5071-4ebc-bfe0-9f2ea903f1c0-1024x768.jpg\" alt=\"\" class=\"wp-image-5647\" srcset=\"https:\/\/mbs-giessen.de\/wp-content\/uploads\/2023\/06\/78b67e67-5071-4ebc-bfe0-9f2ea903f1c0-1024x768.jpg 1024w, https:\/\/mbs-giessen.de\/wp-content\/uploads\/2023\/06\/78b67e67-5071-4ebc-bfe0-9f2ea903f1c0-300x225.jpg 300w, https:\/\/mbs-giessen.de\/wp-content\/uploads\/2023\/06\/78b67e67-5071-4ebc-bfe0-9f2ea903f1c0-768x576.jpg 768w, https:\/\/mbs-giessen.de\/wp-content\/uploads\/2023\/06\/78b67e67-5071-4ebc-bfe0-9f2ea903f1c0-1536x1152.jpg 1536w, https:\/\/mbs-giessen.de\/wp-content\/uploads\/2023\/06\/78b67e67-5071-4ebc-bfe0-9f2ea903f1c0-400x300.jpg 400w, https:\/\/mbs-giessen.de\/wp-content\/uploads\/2023\/06\/78b67e67-5071-4ebc-bfe0-9f2ea903f1c0.jpg 1600w\" sizes=\"(max-width: 1024px) 100vw, 1024px\" \/><\/a><\/figure>\n<\/figure>\n","protected":false},"excerpt":{"rendered":"<p>Am 5. Juni 2023 fuhr eine muntere Gruppe von Sch\u00fclerinnen und Sch\u00fclern der Klassen BO5 und H2 nach Pfungstadt auf den Hessentag. Begleitet wurden sie von Frau Reis, Herrn Ziegler, Herrn Jaritz und Frau Weber. Nach der kurzweiligen Fahrt mit &hellip; <a href=\"https:\/\/mbs-giessen.de\/?p=5648\">Weiterlesen <span class=\"meta-nav\">&rarr;<\/span><\/a><\/p>\n","protected":false},"author":1,"featured_media":0,"comment_status":"closed","ping_status":"closed","sticky":false,"template":"","format":"standard","meta":[],"categories":[1],"tags":[],"_links":{"self":[{"href":"https:\/\/mbs-giessen.de\/index.php?rest_route=\/wp\/v2\/posts\/5648"}],"collection":[{"href":"https:\/\/mbs-giessen.de\/index.php?rest_route=\/wp\/v2\/posts"}],"about":[{"href":"https:\/\/mbs-giessen.de\/index.php?rest_route=\/wp\/v2\/types\/post"}],"author":[{"embeddable":true,"href":"https:\/\/mbs-giessen.de\/index.php?rest_route=\/wp\/v2\/users\/1"}],"replies":[{"embeddable":true,"href":"https:\/\/mbs-giessen.de\/index.php?rest_route=%2Fwp%2Fv2%2Fcomments&post=5648"}],"version-history":[{"count":3,"href":"https:\/\/mbs-giessen.de\/index.php?rest_route=\/wp\/v2\/posts\/5648\/revisions"}],"predecessor-version":[{"id":6715,"href":"https:\/\/mbs-giessen.de\/index.php?rest_route=\/wp\/v2\/posts\/5648\/revisions\/6715"}],"wp:attachment":[{"href":"https:\/\/mbs-giessen.de\/index.php?rest_route=%2Fwp%2Fv2%2Fmedia&parent=5648"}],"wp:term":[{"taxonomy":"category","embeddable":true,"href":"https:\/\/mbs-giessen.de\/index.php?rest_route=%2Fwp%2Fv2%2Fcategories&post=5648"},{"taxonomy":"post_tag","embeddable":true,"href":"https:\/\/mbs-giessen.de\/index.php?rest_route=%2Fwp%2Fv2%2Ftags&post=5648"}],"curies":[{"name":"wp","href":"https:\/\/api.w.org\/{rel}","templated":true}]}}